[{"@context":"https:\/\/schema.org\/","@type":"Article","@id":"https:\/\/www.molekul.cz\/led-e27-se-radi-k-nejvyuzivanejsim-svetelnym-zdrojum\/#Article","mainEntityOfPage":"https:\/\/www.molekul.cz\/led-e27-se-radi-k-nejvyuzivanejsim-svetelnym-zdrojum\/","headline":"LED E27 se \u0159ad\u00ed k nejvyu\u017e\u00edvan\u011bj\u0161\u00edm sv\u011bteln\u00fdm zdroj\u016fm","name":"LED E27 se \u0159ad\u00ed k nejvyu\u017e\u00edvan\u011bj\u0161\u00edm sv\u011bteln\u00fdm zdroj\u016fm","description":"Nejprod\u00e1van\u011bj\u0161\u00edm typem sv\u011bteln\u00fdch zdroj\u016f jsou kompaktn\u00ed z\u00e1\u0159ivky a LED \u017e\u00e1rovky s patic\u00ed E27. T\u00edm d\u016fvodem je z\u0159ejm\u011b nejroz\u0161\u00ed\u0159en\u011bj\u0161\u00ed obj\u00edmka, kter\u00e1 se v dom\u00e1cnostech vyskytuje od doby zav\u00e1d\u011bn\u00ed elektrick\u00e9ho proudu. Edison\u016fvP\u0159e\u010d\u00edst","datePublished":"2019-07-22","dateModified":"2023-05-07","author":{"@type":"Person","@id":"https:\/\/www.molekul.cz\/author\/#Person","name":"","url":"https:\/\/www.molekul.cz\/author\/","identifier":1,"image":{"@type":"ImageObject","@id":"https:\/\/secure.gravatar.com\/avatar\/bac9badfec1c8ddbfb42cc2a45bdd424bcac2f01b51b95470cbfd0bab9e793fd?s=96&d=mm&r=g","url":"https:\/\/secure.gravatar.com\/avatar\/bac9badfec1c8ddbfb42cc2a45bdd424bcac2f01b51b95470cbfd0bab9e793fd?s=96&d=mm&r=g","height":96,"width":96}},"publisher":{"@type":"Organization","name":"molekul.cz","logo":{"@type":"ImageObject","@id":"\/logo.png","url":"\/logo.png","width":600,"height":60}},"image":{"@type":"ImageObject","@id":"https:\/\/www.molekul.cz\/wp-content\/uploads\/img_a354408_w3706_t1568966828.jpg","url":"https:\/\/www.molekul.cz\/wp-content\/uploads\/img_a354408_w3706_t1568966828.jpg","height":0,"width":0},"url":"https:\/\/www.molekul.cz\/led-e27-se-radi-k-nejvyuzivanejsim-svetelnym-zdrojum\/","about":["N\u00e1kupy"],"wordCount":441,"articleBody":"     Nejprod\u00e1van\u011bj\u0161\u00edm typem sv\u011bteln\u00fdch zdroj\u016f jsou kompaktn\u00ed z\u00e1\u0159ivky a LED \u017e\u00e1rovky s patic\u00ed E27. T\u00edm d\u016fvodem je z\u0159ejm\u011b nejroz\u0161\u00ed\u0159en\u011bj\u0161\u00ed obj\u00edmka, kter\u00e1 se v dom\u00e1cnostech vyskytuje od doby zav\u00e1d\u011bn\u00ed elektrick\u00e9ho proudu. Edison\u016fv vyn\u00e1lez snadno \u0161roubovateln\u00e9ho z\u00e1vitu zm\u011bnil lidsk\u00fd \u017eivot k nepozn\u00e1n\u00ed a lidstvo vymo\u017eenosti um\u011bl\u00e9ho sv\u011btla vyu\u017e\u00edv\u00e1 ji\u017e d\u00e9le, ne\u017e jedno cel\u00e9 stolet\u00ed. Tomuto trendu se tak\u00e9 p\u0159izp\u016fsobili v\u00fdrobci sv\u00edtidel a sv\u011bteln\u00fdch zdroj\u016f, kte\u0159\u00ed jejich t\u011blesa implementuj\u00ed do t\u011bchto nejv\u00edce roz\u0161\u00ed\u0159en\u00fdch patic. Nen\u00ed tedy nutn\u00e9 kv\u016fli po\u0159\u00edzen\u00ed modern\u00ed LED E 27 m\u011bnit cel\u00e9 lustry a lampi\u010dky, sta\u010d\u00ed jen v\u00fdrobek na\u0161roubovat do obj\u00edmky zp\u016fsobem, na jak\u00fd jsme zvykl\u00ed.  Nejpou\u017e\u00edvan\u011bj\u0161\u00ed patice E27 v kompaktn\u00edch z\u00e1\u0159ivk\u00e1ch a LED \u017e\u00e1rovk\u00e1ch Podle sou\u010dasn\u00fdch odhad\u016f je v \u010cesk\u00e9 republice st\u00e1le je\u0161t\u011b n\u011bkolik tis\u00edc dom\u00e1cnost\u00ed, kde p\u0159eva\u017euj\u00ed vl\u00e1knov\u00e9 \u017e\u00e1rovky. Mnoz\u00ed se jimi p\u0159edz\u00e1sobili je\u0161t\u011b p\u0159ed z\u00e1kazem jejich prodeje z nejr\u016fzn\u011bj\u0161\u00edch d\u016fvod\u016f \u2013 z nostalgie, pro jejich velmi dobr\u00e9 pod\u00e1n\u00ed barev, anebo pro nedostatek informac\u00ed, jak\u00e9 ekvivalentn\u00ed zdroje nam\u00edsto vl\u00e1knov\u00fdch \u017e\u00e1rovek pou\u017e\u00edt. V t\u00e9 dob\u011b nav\u00edc nemohly LED diody nab\u00eddnout to, co dnes, a mezi lidmi st\u00e1le dozn\u00edvaly dozvuky neblaze proslul\u00fdch  https:\/\/www.novinky.cz\/kultura\/314921-zemrel-textar-proslulych-hitu-zdenek-rytir.html prvn\u00edch prototyp\u016f kompaktn\u00edch z\u00e1\u0159ivek, zvl\u00e1\u0161t\u011b jejich ostr\u00e9 studen\u00e9 sv\u011btlo a nep\u0159\u00edjemn\u00e9 blik\u00e1n\u00ed. Od t\u00e9 doby v\u0161ak uplynulo n\u011bkolik let a mezit\u00edm se v\u00fdvoj osv\u011btlovac\u00ed techniky posunul kup\u0159edu. Dnes jsou LED \u017e\u00e1rovky levn\u011bj\u0161\u00ed, maj\u00ed ni\u017e\u0161\u00ed p\u0159\u00edkon a del\u0161\u00ed \u017eivotnost a mohou nab\u00eddnout \u0161ir\u0161\u00ed rozp\u011bt\u00ed mo\u017enost\u00ed odst\u00edn\u016f b\u00edl\u00e9ho sv\u011btla. U kompaktn\u00edch z\u00e1\u0159ivek vyst\u0159\u00eddala induk\u010dn\u00ed p\u0159ed\u0159adn\u00edky elektronika a na v\u00fdb\u011br m\u00e1me rovn\u011b\u017e od studen\u00e9 b\u00edl\u00e9 a\u017e po tepl\u00e9 odst\u00edny vyza\u0159ovan\u00e9ho sv\u011btla. M\u016f\u017eeme se tedy rozhodnout, jak\u00e9 technologii d\u00e1me p\u0159ednost, a jak\u00fd barevn\u00fd odst\u00edn zvol\u00edme do jednotliv\u00fdch m\u00edstnost\u00ed v byt\u011b. Na volb\u011b spr\u00e1vn\u00e9 barvy sv\u011btla velmi z\u00e1le\u017e\u00ed, nem\u011bli bychom zapom\u00ednat, \u017ee chladn\u00e9 odst\u00edny se hod\u00ed pro pracovi\u0161t\u011b, jako jsou psac\u00ed stoly nebo kuchy\u0148sk\u00e9 linky, zat\u00edmco tepl\u00e9 barvy by m\u011bly zaujmout m\u00edsto v lo\u017enici nebo v ob\u00fdvac\u00edm pokoji.                                                                                                                                                                                                                                                                                                                                                                                         4.6\/5 - (7 votes)        "},{"@context":"https:\/\/schema.org\/","@type":"BreadcrumbList","itemListElement":[{"@type":"ListItem","position":1,"name":"LED E27 se \u0159ad\u00ed k nejvyu\u017e\u00edvan\u011bj\u0161\u00edm sv\u011bteln\u00fdm zdroj\u016fm","item":"https:\/\/www.molekul.cz\/led-e27-se-radi-k-nejvyuzivanejsim-svetelnym-zdrojum\/#breadcrumbitem"}]}]