[{"@context":"https:\/\/schema.org\/","@type":"Article","@id":"https:\/\/www.molekul.cz\/nase-politika-a-ja\/#Article","mainEntityOfPage":"https:\/\/www.molekul.cz\/nase-politika-a-ja\/","headline":"Na\u0161e politika a j\u00e1","name":"Na\u0161e politika a j\u00e1","description":"Jsou lid\u00e9, kte\u0159\u00ed se opravdu hodn\u011b zaj\u00edmaj\u00ed o politiku. Mysl\u00edm si \u017ee, \u017ee kdyby byli t\u0159eba nap\u0159\u00edklad lid\u00e9, kter\u00e9 by absolutn\u011b v\u016fbec nezaj\u00edmala politika, tak by byl mo\u017en\u00e1 sv\u011bta oP\u0159e\u010d\u00edst","datePublished":"2023-02-07","dateModified":"2023-05-07","author":{"@type":"Person","@id":"https:\/\/www.molekul.cz\/author\/#Person","name":"","url":"https:\/\/www.molekul.cz\/author\/","identifier":1,"image":{"@type":"ImageObject","@id":"https:\/\/secure.gravatar.com\/avatar\/bac9badfec1c8ddbfb42cc2a45bdd424bcac2f01b51b95470cbfd0bab9e793fd?s=96&d=mm&r=g","url":"https:\/\/secure.gravatar.com\/avatar\/bac9badfec1c8ddbfb42cc2a45bdd424bcac2f01b51b95470cbfd0bab9e793fd?s=96&d=mm&r=g","height":96,"width":96}},"publisher":{"@type":"Organization","name":"molekul.cz","logo":{"@type":"ImageObject","@id":"\/logo.png","url":"\/logo.png","width":600,"height":60}},"image":{"@type":"ImageObject","@id":"https:\/\/www.molekul.cz\/wp-content\/uploads\/hands-3348987_960_720.jpg","url":"https:\/\/www.molekul.cz\/wp-content\/uploads\/hands-3348987_960_720.jpg","height":0,"width":0},"url":"https:\/\/www.molekul.cz\/nase-politika-a-ja\/","about":["Politika"],"wordCount":455,"articleBody":"Jsou lid\u00e9, kte\u0159\u00ed se opravdu hodn\u011b zaj\u00edmaj\u00ed o politiku. Mysl\u00edm si \u017ee, \u017ee kdyby byli t\u0159eba nap\u0159\u00edklad lid\u00e9, kter\u00e9 by absolutn\u011b v\u016fbec nezaj\u00edmala politika, tak by byl mo\u017en\u00e1 sv\u011bta o n\u011bco lep\u0161\u00ed, ale i chud\u0161\u00ed. A vy se nyn\u00ed pt\u00e1te, pro\u010d by byl sv\u011bt lep\u0161\u00ed a chud\u0161\u00ed, kdyby se lid\u00e9 nezaj\u00edmali o politiku. Tak hlavn\u011b z toho d\u016fvodu, \u017ee by se nem\u011bli s k\u00fdm h\u00e1dat. A to j\u00e1, kdy\u017e sleduji televizi, kde jsou t\u0159eba zrovna zpr\u00e1vy, tak m\u011b opravdu bav\u00ed sledovat to, \u017ee se tam v\u0161ichni h\u00e1daj\u00ed. Ale si nemyslete o m\u011b, \u017ee jsem takov\u00e1, \u017ee m\u00e1m radost z toho, kdy\u017e se t\u0159eba n\u011bkdo h\u00e1d\u00e1. Tohle v\u016fbec ne. Jenom\u017ee m\u011b v\u017edycky zar\u00e1\u017e\u00ed, pro\u010d se n\u011bkdo s n\u011bk\u00fdm h\u00e1dat, kdy\u017e je to \u00fapln\u011b zbyte\u010dn\u00e9. Proto\u017ee podle m\u00e9ho n\u00e1zoru h\u00e1dky jsou opravdu zbyte\u010dn\u00e9, proto\u017ee h\u00e1dkami se samoz\u0159ejm\u011b nikdy nic po\u0159\u00e1dn\u011b nevy\u0159e\u0161\u00ed. Tak\u017ee jsem si \u0159ekla, \u017ee ne\u017e abych se s n\u011bk\u00fdm h\u00e1dala, tak se rad\u011bji budu koukat v televizi na h\u00e1dky.\u00a0Nebo\u00a0poh\u00e1dky? Mo\u017en\u00e1 je to \u00fapln\u011b to sam\u00e9. Taky kolikr\u00e1t jsem sly\u0161ela, \u017ee \u010dlov\u011bk m\u00e1 n\u011bkdy opravdu radost a z ciz\u00edho ne\u0161t\u011bst\u00ed ne\u017e vlastn\u00edho, co\u017e je opravdu velice logick\u00e9. Tak\u017ee pokud i vy jste takov\u00ed, \u017ee v\u00e1s zaj\u00edm\u00e1 politika, tak si nemus\u00edte \u010d\u00edst jenom \u010dasopisy a noviny, ale sta\u010d\u00ed v\u00e1m n\u011bjak\u00fd program v televizi, kde je politika opravdu st\u00e1le. J\u00e1 se taky ob\u010das d\u00edv\u00e1m na politiku,\u00a0n\u011bkdy\u00a0je\u00a0to v\u00e1\u017en\u011b z\u00e1bav. A i kdy\u017e moc m\u011b nezaj\u00edm\u00e1 a nem\u00e1m s t\u00edm \u017e\u00e1dn\u00fd v\u0159el\u00fd vztah. Jenom\u017ee kdy\u017e se nud\u00edm, nem\u00e1m co d\u011blat, tak je mi politika opravdu bl\u00edzk\u00e1 a bav\u00ed m\u011b. Ale n\u011bkdy je to docela k sm\u00edchu. Ale beru jako dobrou vzpruhu a\u00a0relax, i kdy\u017e m\u011b politika opravdu n\u011bkdy na\u0161tve. A co vy a politika? Je v\u00e1\u017en\u011b n\u011bkdy opravdu na pov\u00e1\u017eenou,\u00a0jestli\u00a0je politika\u00a0skv\u011bl\u00e9 a\u00a0jestli\u00a0je\u00a0zdrav\u00e9 politiku sledovat. J\u00e1\u00a0si\u00a0tedy sleduji omezen\u011b, jak\u00a0jsem\u00a0ji\u017e\u00a0napsala. Ale jak se \u0159\u00edk\u00e1, tak v\u0161eho s\u00a0m\u00edrou. Mysl\u00edm\u00a0si, \u017ee\u00a0v\u0161echno\u00a0m\u00e1 sv\u00e9 pro a proti,\u00a0ale\u00a0n\u011bkdy je to\u00a0v\u00e1\u017en\u011b\u00a0v\u0161echno\u00a0slo\u017eit\u00e9. A pokud v\u00e1s politika nebav\u00ed a m\u00e1te z n\u00ed deprese? Tak\u00a0rada je jednoduch\u00e1.\u00a0Nesledujte\u00a0politiku a m\u00e1te vystar\u00e1no.\u00a0                                                                                                                                                                                                                                                                                                                                                                                        4.5\/5 - (13 votes)        "},{"@context":"https:\/\/schema.org\/","@type":"BreadcrumbList","itemListElement":[{"@type":"ListItem","position":1,"name":"Na\u0161e politika a j\u00e1","item":"https:\/\/www.molekul.cz\/nase-politika-a-ja\/#breadcrumbitem"}]}]