[{"@context":"https:\/\/schema.org\/","@type":"Article","@id":"https:\/\/www.molekul.cz\/oranzove-jako-merunka\/#Article","mainEntityOfPage":"https:\/\/www.molekul.cz\/oranzove-jako-merunka\/","headline":"Oran\u017eov\u00e9 jako meru\u0148ka","name":"Oran\u017eov\u00e9 jako meru\u0148ka","description":"V jemn\u00fdch oran\u017eov\u00fdch d\u00e1msk\u00fdch \u0161atech budete p\u016fsobit velmi romanticky a n\u011b\u017en\u011b. Pokud si do Va\u0161ich dlouh\u00fdch vlas\u016f upevn\u00edte n\u011bjak\u00fd zaj\u00edmav\u00fd oran\u017eov\u00fd kv\u011bt, zaz\u00e1\u0159\u00edte zcela ur\u010dit\u011b na ka\u017ed\u00e9 letn\u00ed zahradn\u00ed oslav\u011b.P\u0159e\u010d\u00edst","datePublished":"2024-02-01","dateModified":"2024-02-01","author":{"@type":"Person","@id":"https:\/\/www.molekul.cz\/author\/#Person","name":"","url":"https:\/\/www.molekul.cz\/author\/","identifier":1,"image":{"@type":"ImageObject","@id":"https:\/\/secure.gravatar.com\/avatar\/bac9badfec1c8ddbfb42cc2a45bdd424bcac2f01b51b95470cbfd0bab9e793fd?s=96&d=mm&r=g","url":"https:\/\/secure.gravatar.com\/avatar\/bac9badfec1c8ddbfb42cc2a45bdd424bcac2f01b51b95470cbfd0bab9e793fd?s=96&d=mm&r=g","height":96,"width":96}},"publisher":{"@type":"Organization","name":"molekul.cz","logo":{"@type":"ImageObject","@id":"\/logo.png","url":"\/logo.png","width":600,"height":60}},"url":"https:\/\/www.molekul.cz\/oranzove-jako-merunka\/","wordCount":203,"articleBody":"V jemn\u00fdch oran\u017eov\u00fdch d\u00e1msk\u00fdch \u0161atech budete p\u016fsobit velmi romanticky a n\u011b\u017en\u011b. Pokud si do Va\u0161ich dlouh\u00fdch vlas\u016f upevn\u00edte n\u011bjak\u00fd zaj\u00edmav\u00fd oran\u017eov\u00fd kv\u011bt, zaz\u00e1\u0159\u00edte zcela ur\u010dit\u011b na ka\u017ed\u00e9 letn\u00ed zahradn\u00ed oslav\u011b. Oran\u017eovou barvu v posledn\u00ed dob\u011b vol\u00ed rovn\u011b\u017e n\u011bkter\u00e9 nev\u011bsty, kter\u00e9 necht\u011bj\u00ed m\u00edt v\u0161e klasicky b\u00edl\u00e9. Budouc\u00ed man\u017eel dostane sv\u011btle oran\u017eovou ko\u0161ili a v\u00fdsledek je potom perfektn\u00ed. Na spole\u010dn\u00fdch fotk\u00e1ch z Va\u0161eho nejd\u016fle\u017eit\u011bj\u0161\u00edho dne v \u017eivot\u011b V\u00e1m to bude n\u00e1ramn\u011b slu\u0161et.\tFialov\u00e9 jako zral\u00e1 bor\u016fvkaFialov\u00e1 barva za\u010d\u00edn\u00e1 b\u00fdt velmi IN. Velmi \u010dasto ji m\u016f\u017eeme vid\u011bt nejen v na\u0161ich interi\u00e9rech, ale velk\u00e1 \u010d\u00e1st z n\u00e1s ji pou\u017e\u00edv\u00e1 i na oble\u010den\u00ed. Obl\u00edben\u00e1 kombinace \u010dern\u00e1 sukn\u011b a fialov\u00e1 halenka je hodn\u011b pou\u017e\u00edvan\u00e1 u \u017een, kter\u00e9 pracuj\u00ed v bank\u00e1ch. Ve fialov\u00fdch d\u00e1msk\u00fdch \u0161atech se budete c\u00edtit taky velmi dob\u0159e. \u010cern\u00e9 dopl\u0148ky vytvo\u0159\u00ed velmi elegantn\u00ed dojem, kter\u00fd ocen\u00ed v\u0161echny \u017eeny, kter\u00fdm nen\u00ed jejich vzhled lhostejn\u00fd.                                                                                                                                                                                                                                                                                                                                                                                        4.1\/5 - (9 votes)        "},{"@context":"https:\/\/schema.org\/","@type":"BreadcrumbList","itemListElement":[{"@type":"ListItem","position":1,"name":"Oran\u017eov\u00e9 jako meru\u0148ka","item":"https:\/\/www.molekul.cz\/oranzove-jako-merunka\/#breadcrumbitem"}]}]